{"id":218,"date":"2014-11-24T14:03:05","date_gmt":"2014-11-24T14:03:05","guid":{"rendered":"https:\/\/www.keremaltiparmak.com\/?p=218"},"modified":"2023-06-19T14:04:43","modified_gmt":"2023-06-19T14:04:43","slug":"universiteler-yari-acik-cezaevleri","status":"publish","type":"post","link":"https:\/\/www.keremaltiparmak.com\/en\/universiteler-yari-acik-cezaevleri\/","title":{"rendered":"\u00dcniversiteler Yar\u0131 A\u00e7\u0131k Cezaevleri"},"content":{"rendered":"<p>Ak-Saray tart\u0131\u015fmalar\u0131 bize bir binan\u0131n bir mekan, beton, demir olmaktan \u00e7ok daha fazla bir \u015fey oldu\u011funu bir kez daha hat\u0131rlatt\u0131. Bir mekan i\u00e7ine girebilenler, giremeyenler, davet edilenler ve edilmeyenleri ile ayn\u0131 zamanda bir s\u0131n\u0131r\u0131 ifade ediyor.<\/p>\n<p>Ancak siyasi simge ve s\u0131n\u0131r olma sadece Saraylarla \u00f6zg\u00fc bir \u00f6zellik de\u011fil. T\u00fcm mekanlar ve \u00f6zellikle kamusal alanlar ayn\u0131 \u00f6zelli\u011fi ta\u015f\u0131yor. Bu yaz\u0131da o mekanlardan birinden, herkesin \u00f6zg\u00fcrce girmesi gerekti\u011finin kabul edildi\u011fi bir t\u00fcr\u00fcnden bahsedece\u011fim; \u00fcniversitelerden. \u00dcniversiteler aras\u0131ndan da sadece birinin mekan\u0131n\u0131 se\u00e7ece\u011fim \u00f6rnek olarak, en iyi bildi\u011fimi. Bununla birlikte, bahsedece\u011fim mekan sadece bir sembol, hikayesi de T\u00fcrkiye&#8217;deki t\u00fcm \u00fcniversiteler i\u00e7in a\u015fa\u011f\u0131 yukar\u0131 ayn\u0131.<\/p>\n<p>20 y\u0131l\u0131 a\u015fk\u0131n bir s\u00fcredir, \u00e7e\u015fitli aralar vermi\u015f bulunmakla birlikte, her g\u00fcn Ankara \u00dcniversitesi&#8217;nin Cebeci Kamp\u00fcs\u00fc&#8217;ne gidiyorum. Bu Kamp\u00fcs&#8217;te \u00f6nce Hukuk Fak\u00fcltesi&#8217;nde \u00f6\u011frenci sonra Siyasal Bilgiler Fak\u00fcltesi&#8217;nde akademisyen oldum. Ayn\u0131 Kamp\u00fcs&#8217;te \u0130leti\u015fim ve E\u011fitim Fak\u00fclteleri de var. \u00c7o\u011funuz muhtemelen bu Kamp\u00fcs&#8217;\u00fc y\u0131lda birka\u00e7 kez &#8220;\u00e7\u0131kan olaylar&#8221; nedeniyle duyuyorsunuz.<\/p>\n<p>Bir\u00e7ok \u00fcniversite kamp\u00fcs\u00fc gibi Cebeci de yar\u0131 a\u00e7\u0131k cezaevi kompleksine benziyor. D\u00f6rt bir yan\u0131 insan\u0131n atlayamayaca\u011f\u0131 y\u00fckseklikte demir parmakl\u0131klarla \u00e7evrili. Ankara&#8217;n\u0131n en eski okullar\u0131 olan Hukuk ve Siyasal Bilgiler Fak\u00fclteleri&#8217;nin tarihi merdivenli giri\u015fleri on y\u0131llard\u0131r demirlerle kapat\u0131lm\u0131\u015f durumda. Herhalde D\u00fcnyan\u0131n en uzun s\u00fcreli kullan\u0131lmayan merdivenleri se\u00e7ilebilir buralar.<\/p>\n<p>T\u0131pk\u0131 bir cezaevi gibi k\u00fc\u00e7\u00fcc\u00fck bir kap\u0131dan ge\u00e7erek girebiliyorsunuz i\u00e7eri. O kap\u0131n\u0131n \u00f6n\u00fcnde siyah k\u0131yafetli \u00f6zel g\u00fcvenlik g\u00f6revlileri bekliyor. Her sabah &#8220;\u00f6\u011frenci kimlikleri, kimlikleri g\u00f6relim&#8221; diyorlar. Mekan\u0131n i\u00e7ine tamamen yabanc\u0131 olan ki\u015filere, s\u00fczge\u00e7 g\u00f6revi verilmi\u015f durumda. Cayd\u0131r\u0131c\u0131 bir rolleri oldu\u011fu kesin. Kamp\u00fcste beni ziyaret eden bir arkada\u015f\u0131m, bu soruyla muhatap olmamak i\u00e7in sen kap\u0131n\u0131 \u00f6n\u00fcne gelsen diyor her seferinde. Siyasal muhalif bir yer oldu\u011fu i\u00e7in kimli\u011fini g\u00f6stermeyen de oluyor ama \u00e7o\u011funlukla kimlikler g\u00f6steriliyor. \u0130ki d\u00f6nem \u00f6ncenin Rekt\u00f6r\u00fc bir de kartl\u0131 giri\u015f sistemi \u00f6ng\u00f6rm\u00fc\u015ft\u00fc ama neyse ki o uygulamaya koyulamad\u0131. Bunu uygulayan kamp\u00fcsler de var tabii T\u00fcrkiye&#8217;de.<\/p>\n<p>\u0130\u00e7eri girdi\u011finizde yine bir cezaevini aratmayacak \u015fekilde her yerde kameralar g\u00f6r\u00fcyorsunuz. Att\u0131\u011f\u0131n\u0131z her ad\u0131m, bilmedi\u011finiz gardiyanlar\u0131n\u0131z taraf\u0131ndan izleniyor. Ayn\u0131 anda 5-6 kamera taraf\u0131ndan \u00e7ekilebildi\u011finiz noktalar var. Bu g\u00f6r\u00fcnt\u00fcleri, kimin, ne zaman ve ne ama\u00e7la izledi\u011fini de bilmiyorsunuz. Her an kar\u015f\u0131n\u0131za \u00e7\u0131kabilir. Bununla da yetinilmemi\u015f olacak ki, binalar\u0131n i\u00e7ine de kamera koyma konusunda devaml\u0131 bir talep var. Eminim ki baz\u0131 yerlerde koyulmu\u015ftur da.<\/p>\n<p>Yine hapishanelerde oldu\u011fu gibi \u00e7ok kalabal\u0131k bir n\u00fcfus var. Art\u0131r\u0131lan kontenjanlarla, muhtemelen Kamp\u00fcs\u00fcn \u00f6\u011frenci n\u00fcfusu 20-25 bini bulmu\u015f durumda. \u00c7al\u0131\u015fanlar\u0131, d\u0131\u015far\u0131dan gelenleri de eklerseniz kantinci olman\u0131n ne kadar karl\u0131 bir i\u015f oldu\u011funu hesaplayabilirsiniz. T\u0131pk\u0131 cezaevi gibi yasak olan \u015feyler var Kamp\u00fcs&#8217;te, i\u00e7ki i\u00e7emezsiniz mesela.<\/p>\n<p>En \u00f6nemlisi de isyan \u00e7\u0131kt\u0131\u011f\u0131 zaman hapishanelere jandarman\u0131n girdi\u011fi gibi d\u0131\u015far\u0131dan polis i\u00e7eri girer ve \u00f6\u011frenciler ve hocalar\u0131 gazlar, g\u00f6zalt\u0131na al\u0131r ve \u00e7\u0131kar. Bu o kadar ola\u011fanla\u015fm\u0131\u015f kabul ediliyor ki, bir gazetede \u00e7\u0131kan habere yollanan tekzipte \u201c\u00dcniversitemizde a\u015fa\u011f\u0131da belirtilen birimimizde bug\u00fcn, baz\u0131 \u00f6\u011frenci gruplar\u0131n\u0131n \u00f6zel g\u00fcvenlik g\u00f6revlilerimize aktif direni\u015fi, y\u00f6neticiler ve \u00f6zel g\u00fcvenlik g\u00f6revlilerinin m\u00fcdahalelerine ra\u011fmen \u00f6nlenemeyen olaylar ile ya\u015fanabilecek istenmeyen olay ve \u00e7at\u0131\u015fmalar\u0131n \u00f6nlenebilmesi amac\u0131yla,\u00a0<strong>mekan i\u00e7erisinde ve d\u0131\u015f\u0131nda g\u00fcvenlik tedbirlerinin acilen al\u0131nmas\u0131 ve i\u00e7 mekanlarda yeteri kadar emniyet personelinin g\u00f6revlendirilmesi konusunda gere\u011fini\u00a0<\/strong>sayg\u0131lar\u0131mla arz ederim&#8221; ifadelerinin\u00a0<strong>&#8220;rutin bir tedbir&#8221;<\/strong>\u00a0yaz\u0131s\u0131 oldu\u011fu ifade edilebiliyor.<sup class=\"modern-footnotes-footnote \" data-mfn=\"1\" data-mfn-post-scope=\"00000000714252030000000009c6cbd3_218\"><a href=\"javascript:void(0)\"  title=\"Cumhuriyet Gazetesine Ankara \u00dcniversitesi Rekt\u00f6rl\u00fc\u011f\u00fc taraf\u0131ndan yollanan yaz\u0131da ileri s\u00fcr\u00fclen bu g\u00f6r\u00fc\u015f i\u00e7in: https:\/\/haber.sol.org.tr\/yazarlar\/ozgur-aydin\/bir-rutin-polisin-universite-isgali-98704\"  role=\"button\" aria-pressed=\"false\" aria-describedby=\"mfn-content-00000000714252030000000009c6cbd3_218-1\">1<\/a><\/sup><span id=\"mfn-content-00000000714252030000000009c6cbd3_218-1\" role=\"tooltip\" class=\"modern-footnotes-footnote__note\" tabindex=\"0\" data-mfn=\"1\">Cumhuriyet Gazetesine Ankara \u00dcniversitesi Rekt\u00f6rl\u00fc\u011f\u00fc taraf\u0131ndan yollanan yaz\u0131da ileri s\u00fcr\u00fclen bu g\u00f6r\u00fc\u015f i\u00e7in: <a href=\"https:\/\/haber.sol.org.tr\/yazarlar\/ozgur-aydin\/bir-rutin-polisin-universite-isgali-98704\" rel=\"nofollow noopener\" target=\"_blank\">https:\/\/haber.sol.org.tr\/yazarlar\/ozgur-aydin\/bir-rutin-polisin-universite-isgali-98704<\/a><\/span>\u00a0Yani rutin olarak polise yaz\u0131 yollan\u0131r, polis de istedi\u011fi zaman i\u00e7eri girebilir deniyor k\u0131saca.<\/p>\n<p>Yar\u0131 a\u00e7\u0131k cezaevi diyoruz \u00e7\u00fcnk\u00fc ak\u015famlar\u0131 kalk\u0131p evimize gitme hakk\u0131m\u0131z var.\u00a0 \u00d6te yandan, yar\u0131 a\u00e7\u0131k cezaevleri bilindi\u011fi gibi nispeten daha hafif su\u00e7lar i\u00e7in kullan\u0131l\u0131yor. \u00dcniversite \u00e7al\u0131\u015fanlar\u0131 ise m\u00fcebbede mahkum. O kadar fark da olacak tabii.<\/p>\n<p><strong>Mekan\u0131n Dili: Akademik S\u0131\u011fl\u0131k<\/strong><\/p>\n<p>Mekan hakk\u0131ndaki bu saptamam\u0131z\u0131n tabii ki bir de i\u00e7eri\u011fe ili\u015fkin bir kar\u015f\u0131l\u0131\u011f\u0131 var. Cezaevinde yaz\u0131lan \u00e7izilen hapishane y\u00f6netiminin denetiminden ge\u00e7iyor. \u00dcniversitelerde de gizli bir el var. Yazd\u0131klar\u0131n\u0131z\u0131, d\u00fc\u015f\u00fcnd\u00fcklerinizi takip ediyor. Bu nedenle, akademisyenler netameli konulara dalm\u0131yor. Ele\u015ftirel bir dil kullanmaktan ka\u00e7\u0131n\u0131yor. \u00c7o\u011fu zaman oto-sans\u00fcr gereksiz yaz\u0131\u015fmalar\u0131 \u00f6nlemeye yetiyor ama yetmedi\u011fi durumda da bir \u015fekilde adli, idari bir soru\u015fturmayla gere\u011fi yap\u0131labiliyor. \u00d6yle ki \u00dcniversitelerin suskun oldu\u011funu s\u00f6yleyen Y\u00d6K Ba\u015fkan\u0131&#8217;n\u0131n da \u00f6mr\u00fc \u00e7ok uzun olmuyor. \u00c7ok da sorun \u00e7\u0131karmamas\u0131na ra\u011fmen onun g\u00f6revi bitiyor, yerini &#8220;\u00dcniversiteler susturulmu\u015f diyemem ama isteksiz&#8221; diyen<sup class=\"modern-footnotes-footnote \" data-mfn=\"2\" data-mfn-post-scope=\"00000000714252030000000009c6cbd3_218\"><a href=\"javascript:void(0)\"  title=\"Yeni Y\u00d6K Ba\u015fkan\u0131 Yekta Sara\u00e7&#8217;\u0131n a\u00e7\u0131klamas\u0131 i\u00e7in: https:\/\/www.hurriyet.com.tr\/gundem\/universiteler-susturulmus-diyemem-ama-isteksiz-27587215 \u00a0\"  role=\"button\" aria-pressed=\"false\" aria-describedby=\"mfn-content-00000000714252030000000009c6cbd3_218-2\">2<\/a><\/sup><span id=\"mfn-content-00000000714252030000000009c6cbd3_218-2\" role=\"tooltip\" class=\"modern-footnotes-footnote__note\" tabindex=\"0\" data-mfn=\"2\">Yeni Y\u00d6K Ba\u015fkan\u0131 Yekta Sara\u00e7&#8217;\u0131n a\u00e7\u0131klamas\u0131 i\u00e7in: <a href=\"https:\/\/www.hurriyet.com.tr\/gundem\/universiteler-susturulmus-diyemem-ama-isteksiz-27587215\" rel=\"nofollow noopener\" target=\"_blank\">https:\/\/www.hurriyet.com.tr\/gundem\/universiteler-susturulmus-diyemem-ama-isteksiz-27587215<\/a> \u00a0<\/span>\u00a0al\u0131yor.<\/p>\n<p>Peki nedir \u00dcniversiteleri yar\u0131 a\u00e7\u0131k cezaevine \u00e7evirmenin gerek\u00e7esi? T\u00fcm siyasi konularda oldu\u011fu gibi g\u00fcvenlik paranoyas\u0131. Cebeci Kamp\u00fcs\u00fc &#8220;yine kar\u0131\u015ft\u0131&#8221;, &#8220;kar\u015f\u0131t g\u00f6r\u00fc\u015fl\u00fc \u00f6\u011frenciler birbirine girdi&#8221; haberleri. 30 y\u0131ld\u0131r bir ka\u00e7 nesil \u00f6\u011frencinin ge\u00e7ti\u011fi muhtemelen k\u00fc\u00e7\u00fck bir k\u0131sm\u0131n\u0131n siyasi etkinliklere kat\u0131ld\u0131\u011f\u0131 \u00fcniversitelerde bu korku hi\u00e7 bitmiyor.\u00a0 Tersine, y\u0131llar ge\u00e7tik\u00e7e duvarlar y\u00fckseliyor, g\u00fcvenlik \u00f6nlemleri art\u0131yor. Nesiller de\u011fi\u015fiyor ama de\u011fi\u015fen nesiller i\u00e7erisindeki &#8220;\u00e7ok tehlikeli&#8221; olan zincirleme bir grup, \u00fcniversiteleri y\u00f6netenlere g\u00f6re hayat\u0131m\u0131z\u0131 karartmaya yetiyor. Bu insanlar\u0131n, neden \u015fikayet etti\u011fini, 30 y\u0131ld\u0131r ara\u015ft\u0131ran, buna demir parmakl\u0131k, kamera ve \u00e7evik kuvvet d\u0131\u015f\u0131nda \u00f6nlem \u00f6neren, bulan bir tek y\u00f6netici yok. Sorunun nas\u0131l \u00e7\u00f6z\u00fclece\u011fi bulunmu\u015f nas\u0131l olsa, g\u00fcvenli\u011fi biraz daha biraz daha art\u0131rmak.<\/p>\n<p>\u015e\u00fcphesiz, \u00fcniversite y\u00f6neticisi olanlar bu vehamet durumu g\u00f6rm\u00fcyor olamaz. Her birinin bir d\u00f6nem bulundu\u011fu Bat\u0131 \u00dcniversitelerinin hi\u00e7birinde b\u00f6yle paranoyak bir g\u00fcvenlik \u00f6nlemi yok \u00e7\u00fcnk\u00fc. Bir \u015fehir kamp\u00fcs\u00fcn\u00fcn bir \u015fehir hapishanesine d\u00f6nd\u00fc\u011f\u00fc bir \u00f6rnek de. Bizim \u00f6\u011frencilerin oradaki \u00f6\u011frencilerden daha manyak, daha sa\u011fl\u0131ks\u0131z, daha tehlikeli oldu\u011funu ortaya koyan herhangi bilimsel bir veri de.<\/p>\n<p>\u0130\u00e7erisi kalabal\u0131kla\u015f\u0131rken, duvarlar, demirler, teknolojik takip mekanizmalar\u0131 giderek art\u0131yor. \u00c7evik kuvvet dakikas\u0131nda m\u00fcdahale ediyor ama asl\u0131nda onlar\u0131n oldu\u011fu bir yerde \u00dcniversitenin olmayaca\u011f\u0131 a\u00e7\u0131k. \u00dcniversitenin olmad\u0131\u011f\u0131 yerde ilk 500e girme iddialar\u0131 da o kadar anlams\u0131z kal\u0131yor ki. Maa\u015f art\u0131\u015f\u0131yla, performans primleri ile Senatolarda citation indexte yay\u0131n yap\u0131n y\u00f6n\u00fcnde al\u0131nan kararlarla \u00fcniversitenin de\u011fi\u015ftirilmesi m\u00fcmk\u00fcn de\u011fil. \u00dcniversiteler o demirlerin arkas\u0131na s\u0131k\u0131\u015ft\u0131k\u00e7a isterseniz Harvard \u00f6l\u00e7\u00fctlerini getirin bu mekanlar \u00dcniversite olmayacak.<\/p>\n<p>O demirler ve kameralar orada durduk\u00e7a, disiplin y\u00f6netmeli\u011fi de de\u011fi\u015fmeyecek, Rekt\u00f6rlerin ve Y\u00d6K otoriterli\u011fi de. Bo\u015funa beklemeyelim, \u00dcniversitelerin olmad\u0131\u011f\u0131 yere \u00f6zg\u00fcrl\u00fck hi\u00e7bir zaman gelmeyecek. Akademi \u00f6zg\u00fcrl\u00fc\u011f\u00fc i\u00e7in ise o duvarlar\u0131n, demirlerin y\u0131k\u0131lmas\u0131, mekanlar\u0131n ve \u00dcniversitenin ruhunun \u00f6zg\u00fcrle\u015fmesinden ba\u015fka \u00e7are yok.<\/p>\n<ul class=\"modern-footnotes-list modern-footnotes-list--hide-for-print\"><li><span>1<\/span><div>Cumhuriyet Gazetesine Ankara \u00dcniversitesi Rekt\u00f6rl\u00fc\u011f\u00fc taraf\u0131ndan yollanan yaz\u0131da ileri s\u00fcr\u00fclen bu g\u00f6r\u00fc\u015f i\u00e7in: <a href=\"https:\/\/haber.sol.org.tr\/yazarlar\/ozgur-aydin\/bir-rutin-polisin-universite-isgali-98704\" rel=\"nofollow noopener\" target=\"_blank\">https:\/\/haber.sol.org.tr\/yazarlar\/ozgur-aydin\/bir-rutin-polisin-universite-isgali-98704<\/a><\/div><\/li><li><span>2<\/span><div>Yeni Y\u00d6K Ba\u015fkan\u0131 Yekta Sara\u00e7&#8217;\u0131n a\u00e7\u0131klamas\u0131 i\u00e7in: <a href=\"https:\/\/www.hurriyet.com.tr\/gundem\/universiteler-susturulmus-diyemem-ama-isteksiz-27587215\" rel=\"nofollow noopener\" target=\"_blank\">https:\/\/www.hurriyet.com.tr\/gundem\/universiteler-susturulmus-diyemem-ama-isteksiz-27587215<\/a> \u00a0<\/div><\/li><\/ul>","protected":false},"excerpt":{"rendered":"<p>Ak-Saray tart\u0131\u015fmalar\u0131 bize bir binan\u0131n bir mekan, beton, demir olmaktan \u00e7ok daha fazla bir \u015fey oldu\u011funu bir kez daha hat\u0131rlatt\u0131. Bir mekan i\u00e7ine girebilenler, giremeyenler, davet edilenler ve edilmeyenleri ile ayn\u0131 zamanda bir s\u0131n\u0131r\u0131 ifade ediyor. Ancak siyasi simge ve s\u0131n\u0131r olma sadece Saraylarla \u00f6zg\u00fc bir \u00f6zellik de\u011fil. T\u00fcm mekanlar ve \u00f6zellikle kamusal alanlar ayn\u0131 [&hellip;]<\/p>\n","protected":false},"author":1,"featured_media":0,"comment_status":"open","ping_status":"open","sticky":false,"template":"","format":"standard","meta":{"_monsterinsights_skip_tracking":false,"_monsterinsights_sitenote_active":false,"_monsterinsights_sitenote_note":"","_monsterinsights_sitenote_category":0,"footnotes":""},"categories":[10,8],"tags":[],"class_list":["post-218","post","type-post","status-publish","format-standard","hentry","category-anayasa-ve-idare-hukuku","category-ifade-ozgurlugu"],"acf":[],"_links":{"self":[{"href":"https:\/\/www.keremaltiparmak.com\/en\/wp-json\/wp\/v2\/posts\/218","targetHints":{"allow":["GET"]}}],"collection":[{"href":"https:\/\/www.keremaltiparmak.com\/en\/wp-json\/wp\/v2\/posts"}],"about":[{"href":"https:\/\/www.keremaltiparmak.com\/en\/wp-json\/wp\/v2\/types\/post"}],"author":[{"embeddable":true,"href":"https:\/\/www.keremaltiparmak.com\/en\/wp-json\/wp\/v2\/users\/1"}],"replies":[{"embeddable":true,"href":"https:\/\/www.keremaltiparmak.com\/en\/wp-json\/wp\/v2\/comments?post=218"}],"version-history":[{"count":1,"href":"https:\/\/www.keremaltiparmak.com\/en\/wp-json\/wp\/v2\/posts\/218\/revisions"}],"predecessor-version":[{"id":220,"href":"https:\/\/www.keremaltiparmak.com\/en\/wp-json\/wp\/v2\/posts\/218\/revisions\/220"}],"wp:attachment":[{"href":"https:\/\/www.keremaltiparmak.com\/en\/wp-json\/wp\/v2\/media?parent=218"}],"wp:term":[{"taxonomy":"category","embeddable":true,"href":"https:\/\/www.keremaltiparmak.com\/en\/wp-json\/wp\/v2\/categories?post=218"},{"taxonomy":"post_tag","embeddable":true,"href":"https:\/\/www.keremaltiparmak.com\/en\/wp-json\/wp\/v2\/tags?post=218"}],"curies":[{"name":"wp","href":"https:\/\/api.w.org\/{rel}","templated":true}]}}